{"id":1019,"date":"2017-07-04T08:11:09","date_gmt":"2017-07-04T08:11:09","guid":{"rendered":"https:\/\/www.piscinasmenorca.net\/somos-noticias-en-el-pais-semanal\/"},"modified":"2018-03-20T17:49:08","modified_gmt":"2018-03-20T17:49:08","slug":"we-are-news-in-el-pais","status":"publish","type":"post","link":"https:\/\/www.piscinasmenorca.net\/en\/we-are-news-in-el-pais\/","title":{"rendered":"We are news in the weekly newspaper &#8220;El Pais&#8221;"},"content":{"rendered":"<p>Piscinas Menorca works closely with the construction company Menorca Villas. Its more than 40 years of experience and mutual collaboration have laid the foundations to create solid, innovative and high quality projects. This is the case of the following house, which thanks to its avant-garde design and exclusivity, has appeared as a reference in the weekly newspaper El Pais. We leave you here with their details.<\/p>\n<p>&nbsp;<\/p>\n<p><img loading=\"lazy\" decoding=\"async\" class=\"alignnone size-full wp-image-515\" src=\"https:\/\/www.piscinasmenorca.net\/wp-content\/uploads\/2017\/07\/2125-PLA-Deco-Menorca01-1560x877-1.jpg\" alt=\"\" width=\"1560\" height=\"877\" srcset=\"https:\/\/www.piscinasmenorca.net\/wp-content\/uploads\/2017\/07\/2125-PLA-Deco-Menorca01-1560x877-1.jpg 1560w, https:\/\/www.piscinasmenorca.net\/wp-content\/uploads\/2017\/07\/2125-PLA-Deco-Menorca01-1560x877-1-300x169.jpg 300w, https:\/\/www.piscinasmenorca.net\/wp-content\/uploads\/2017\/07\/2125-PLA-Deco-Menorca01-1560x877-1-768x432.jpg 768w, https:\/\/www.piscinasmenorca.net\/wp-content\/uploads\/2017\/07\/2125-PLA-Deco-Menorca01-1560x877-1-1024x576.jpg 1024w, https:\/\/www.piscinasmenorca.net\/wp-content\/uploads\/2017\/07\/2125-PLA-Deco-Menorca01-1560x877-1-260x146.jpg 260w, https:\/\/www.piscinasmenorca.net\/wp-content\/uploads\/2017\/07\/2125-PLA-Deco-Menorca01-1560x877-1-50x28.jpg 50w, https:\/\/www.piscinasmenorca.net\/wp-content\/uploads\/2017\/07\/2125-PLA-Deco-Menorca01-1560x877-1-133x75.jpg 133w\" sizes=\"(max-width:767px) 480px, (max-width:1560px) 100vw, 1560px\" \/><\/p>\n<p>&nbsp;<\/p>\n<p>An evocative courtyard framed by wooden lattices articulates this house composed of three independent modules. Simple and functional spaces whose use is determined by natural lighting. The three modules are connected by a large central courtyard that frames the landscape in three directions and also makes a large light box.<\/p>\n<p>This module houses the living room and a small fitted kitchen that can be opened or closed by means of a wooden partition.<\/p>\n<p><img loading=\"lazy\" decoding=\"async\" class=\"alignnone size-full wp-image-517\" src=\"https:\/\/www.piscinasmenorca.net\/wp-content\/uploads\/2017\/07\/2125-PLA-Deco-Menorca04-1063x708.jpg\" alt=\"\" width=\"1063\" height=\"708\" srcset=\"https:\/\/www.piscinasmenorca.net\/wp-content\/uploads\/2017\/07\/2125-PLA-Deco-Menorca04-1063x708.jpg 1063w, https:\/\/www.piscinasmenorca.net\/wp-content\/uploads\/2017\/07\/2125-PLA-Deco-Menorca04-1063x708-300x200.jpg 300w, https:\/\/www.piscinasmenorca.net\/wp-content\/uploads\/2017\/07\/2125-PLA-Deco-Menorca04-1063x708-768x512.jpg 768w, https:\/\/www.piscinasmenorca.net\/wp-content\/uploads\/2017\/07\/2125-PLA-Deco-Menorca04-1063x708-1024x682.jpg 1024w, https:\/\/www.piscinasmenorca.net\/wp-content\/uploads\/2017\/07\/2125-PLA-Deco-Menorca04-1063x708-219x146.jpg 219w, https:\/\/www.piscinasmenorca.net\/wp-content\/uploads\/2017\/07\/2125-PLA-Deco-Menorca04-1063x708-50x33.jpg 50w, https:\/\/www.piscinasmenorca.net\/wp-content\/uploads\/2017\/07\/2125-PLA-Deco-Menorca04-1063x708-113x75.jpg 113w\" sizes=\"(max-width:767px) 480px, (max-width:1063px) 100vw, 1063px\" \/><\/p>\n<p>&nbsp;<\/p>\n<p><img loading=\"lazy\" decoding=\"async\" class=\"alignnone size-full wp-image-516\" src=\"https:\/\/www.piscinasmenorca.net\/wp-content\/uploads\/2017\/07\/2125-PLA-Deco-Menorca03-1063x709.jpg\" alt=\"\" width=\"1063\" height=\"709\" srcset=\"https:\/\/www.piscinasmenorca.net\/wp-content\/uploads\/2017\/07\/2125-PLA-Deco-Menorca03-1063x709.jpg 1063w, https:\/\/www.piscinasmenorca.net\/wp-content\/uploads\/2017\/07\/2125-PLA-Deco-Menorca03-1063x709-300x200.jpg 300w, https:\/\/www.piscinasmenorca.net\/wp-content\/uploads\/2017\/07\/2125-PLA-Deco-Menorca03-1063x709-768x512.jpg 768w, https:\/\/www.piscinasmenorca.net\/wp-content\/uploads\/2017\/07\/2125-PLA-Deco-Menorca03-1063x709-1024x683.jpg 1024w, https:\/\/www.piscinasmenorca.net\/wp-content\/uploads\/2017\/07\/2125-PLA-Deco-Menorca03-1063x709-219x146.jpg 219w, https:\/\/www.piscinasmenorca.net\/wp-content\/uploads\/2017\/07\/2125-PLA-Deco-Menorca03-1063x709-50x33.jpg 50w, https:\/\/www.piscinasmenorca.net\/wp-content\/uploads\/2017\/07\/2125-PLA-Deco-Menorca03-1063x709-112x75.jpg 112w\" sizes=\"(max-width:767px) 480px, (max-width:1063px) 100vw, 1063px\" \/><\/p>\n","protected":false},"excerpt":{"rendered":"<p>Doble satisfacci\u00f3n al leer este reportaje publicado en\u00a0El Pa\u00eds Semanal\u00a0hace unos d\u00edas&#8230;. Por un lado, como empresa que recibimos el encargo de su construcci\u00f3n (MENORCA VILLAS) y por el otro, el hecho que el arquitecto de esta gran obra haya sido el prestigioso despacho de\u00a0Christian Sintes.<\/p>\n","protected":false},"author":1,"featured_media":790,"comment_status":"closed","ping_status":"closed","sticky":false,"template":"","format":"standard","meta":{"footnotes":""},"categories":[34],"tags":[],"yoast_head":"<!-- This site is optimized with the Yoast SEO plugin v23.5 - https:\/\/yoast.com\/wordpress\/plugins\/seo\/ -->\n<title>Somos not\u00edcia en El Pais Semanal - Piscinas Menorca<\/title>\n<meta name=\"description\" content=\"Piscinas Menorca junto con Menorca Villas ha aparecido en El Pais semanal mostrando su nueva construcci\u00f3n, una casa que envuelve luz e innovaci\u00f3n.\" \/>\n<meta name=\"robots\" content=\"noindex, follow\" \/>\n<meta property=\"og:locale\" content=\"en_US\" \/>\n<meta property=\"og:type\" content=\"article\" \/>\n<meta property=\"og:title\" content=\"Somos not\u00edcia en El Pais Semanal - Piscinas Menorca\" \/>\n<meta property=\"og:description\" content=\"Piscinas Menorca junto con Menorca Villas ha aparecido en El Pais semanal mostrando su nueva construcci\u00f3n, una casa que envuelve luz e innovaci\u00f3n.\" \/>\n<meta property=\"og:url\" content=\"https:\/\/www.piscinasmenorca.net\/en\/we-are-news-in-el-pais\/\" \/>\n<meta property=\"og:site_name\" content=\"Piscinas menorca\" \/>\n<meta property=\"article:published_time\" content=\"2017-07-04T08:11:09+00:00\" \/>\n<meta property=\"article:modified_time\" content=\"2018-03-20T17:49:08+00:00\" \/>\n<meta property=\"og:image\" content=\"https:\/\/www.piscinasmenorca.net\/wp-content\/uploads\/2017\/07\/promo_og_elpais_semanal.png\" \/>\n\t<meta property=\"og:image:width\" content=\"200\" \/>\n\t<meta property=\"og:image:height\" content=\"200\" \/>\n\t<meta property=\"og:image:type\" content=\"image\/png\" \/>\n<meta name=\"author\" content=\"admin\" \/>\n<meta name=\"twitter:card\" content=\"summary_large_image\" \/>\n<meta name=\"twitter:label1\" content=\"Written by\" \/>\n\t<meta name=\"twitter:data1\" content=\"admin\" \/>\n\t<meta name=\"twitter:label2\" content=\"Est. reading time\" \/>\n\t<meta name=\"twitter:data2\" content=\"1 minute\" \/>\n<script type=\"application\/ld+json\" class=\"yoast-schema-graph\">{\"@context\":\"https:\/\/schema.org\",\"@graph\":[{\"@type\":\"Article\",\"@id\":\"https:\/\/www.piscinasmenorca.net\/en\/we-are-news-in-el-pais\/#article\",\"isPartOf\":{\"@id\":\"https:\/\/www.piscinasmenorca.net\/en\/we-are-news-in-el-pais\/\"},\"author\":{\"name\":\"admin\",\"@id\":\"https:\/\/www.piscinasmenorca.net\/#\/schema\/person\/1b34fbf8c41b38cf902b3f6915bb259b\"},\"headline\":\"We are news in the weekly newspaper &#8220;El Pais&#8221;\",\"datePublished\":\"2017-07-04T08:11:09+00:00\",\"dateModified\":\"2018-03-20T17:49:08+00:00\",\"mainEntityOfPage\":{\"@id\":\"https:\/\/www.piscinasmenorca.net\/en\/we-are-news-in-el-pais\/\"},\"wordCount\":150,\"publisher\":{\"@id\":\"https:\/\/www.piscinasmenorca.net\/#organization\"},\"image\":{\"@id\":\"https:\/\/www.piscinasmenorca.net\/en\/we-are-news-in-el-pais\/#primaryimage\"},\"thumbnailUrl\":\"https:\/\/www.piscinasmenorca.net\/wp-content\/uploads\/2017\/07\/promo_og_elpais_semanal.png\",\"articleSection\":[\"Revistas\"],\"inLanguage\":\"en-US\"},{\"@type\":\"WebPage\",\"@id\":\"https:\/\/www.piscinasmenorca.net\/en\/we-are-news-in-el-pais\/\",\"url\":\"https:\/\/www.piscinasmenorca.net\/en\/we-are-news-in-el-pais\/\",\"name\":\"Somos not\u00edcia en El Pais Semanal - Piscinas Menorca\",\"isPartOf\":{\"@id\":\"https:\/\/www.piscinasmenorca.net\/#website\"},\"primaryImageOfPage\":{\"@id\":\"https:\/\/www.piscinasmenorca.net\/en\/we-are-news-in-el-pais\/#primaryimage\"},\"image\":{\"@id\":\"https:\/\/www.piscinasmenorca.net\/en\/we-are-news-in-el-pais\/#primaryimage\"},\"thumbnailUrl\":\"https:\/\/www.piscinasmenorca.net\/wp-content\/uploads\/2017\/07\/promo_og_elpais_semanal.png\",\"datePublished\":\"2017-07-04T08:11:09+00:00\",\"dateModified\":\"2018-03-20T17:49:08+00:00\",\"description\":\"Piscinas Menorca junto con Menorca Villas ha aparecido en El Pais semanal mostrando su nueva construcci\u00f3n, una casa que envuelve luz e innovaci\u00f3n.\",\"breadcrumb\":{\"@id\":\"https:\/\/www.piscinasmenorca.net\/en\/we-are-news-in-el-pais\/#breadcrumb\"},\"inLanguage\":\"en-US\",\"potentialAction\":[{\"@type\":\"ReadAction\",\"target\":[\"https:\/\/www.piscinasmenorca.net\/en\/we-are-news-in-el-pais\/\"]}]},{\"@type\":\"ImageObject\",\"inLanguage\":\"en-US\",\"@id\":\"https:\/\/www.piscinasmenorca.net\/en\/we-are-news-in-el-pais\/#primaryimage\",\"url\":\"https:\/\/www.piscinasmenorca.net\/wp-content\/uploads\/2017\/07\/promo_og_elpais_semanal.png\",\"contentUrl\":\"https:\/\/www.piscinasmenorca.net\/wp-content\/uploads\/2017\/07\/promo_og_elpais_semanal.png\",\"width\":200,\"height\":200},{\"@type\":\"BreadcrumbList\",\"@id\":\"https:\/\/www.piscinasmenorca.net\/en\/we-are-news-in-el-pais\/#breadcrumb\",\"itemListElement\":[{\"@type\":\"ListItem\",\"position\":1,\"name\":\"Home\",\"item\":\"https:\/\/www.piscinasmenorca.net\/en\/\"},{\"@type\":\"ListItem\",\"position\":2,\"name\":\"We are news in the weekly newspaper &#8220;El Pais&#8221;\"}]},{\"@type\":\"WebSite\",\"@id\":\"https:\/\/www.piscinasmenorca.net\/#website\",\"url\":\"https:\/\/www.piscinasmenorca.net\/\",\"name\":\"Piscinas menorca\",\"description\":\"Desde 1975 la casa de picinas de ocnfianza\",\"publisher\":{\"@id\":\"https:\/\/www.piscinasmenorca.net\/#organization\"},\"potentialAction\":[{\"@type\":\"SearchAction\",\"target\":{\"@type\":\"EntryPoint\",\"urlTemplate\":\"https:\/\/www.piscinasmenorca.net\/?s={search_term_string}\"},\"query-input\":{\"@type\":\"PropertyValueSpecification\",\"valueRequired\":true,\"valueName\":\"search_term_string\"}}],\"inLanguage\":\"en-US\"},{\"@type\":\"Organization\",\"@id\":\"https:\/\/www.piscinasmenorca.net\/#organization\",\"name\":\"Piscinas Menorca\",\"url\":\"https:\/\/www.piscinasmenorca.net\/\",\"logo\":{\"@type\":\"ImageObject\",\"inLanguage\":\"en-US\",\"@id\":\"https:\/\/www.piscinasmenorca.net\/#\/schema\/logo\/image\/\",\"url\":\"https:\/\/www.piscinasmenorca.net\/wp-content\/uploads\/2017\/05\/header-logo-1-1.png\",\"contentUrl\":\"https:\/\/www.piscinasmenorca.net\/wp-content\/uploads\/2017\/05\/header-logo-1-1.png\",\"width\":295,\"height\":98,\"caption\":\"Piscinas Menorca\"},\"image\":{\"@id\":\"https:\/\/www.piscinasmenorca.net\/#\/schema\/logo\/image\/\"}},{\"@type\":\"Person\",\"@id\":\"https:\/\/www.piscinasmenorca.net\/#\/schema\/person\/1b34fbf8c41b38cf902b3f6915bb259b\",\"name\":\"admin\",\"image\":{\"@type\":\"ImageObject\",\"inLanguage\":\"en-US\",\"@id\":\"https:\/\/www.piscinasmenorca.net\/#\/schema\/person\/image\/\",\"url\":\"https:\/\/secure.gravatar.com\/avatar\/b582539f242ae45f26b52d1f83fb5aee?s=96&d=mm&r=g\",\"contentUrl\":\"https:\/\/secure.gravatar.com\/avatar\/b582539f242ae45f26b52d1f83fb5aee?s=96&d=mm&r=g\",\"caption\":\"admin\"}}]}<\/script>\n<!-- \/ Yoast SEO plugin. -->","yoast_head_json":{"title":"Somos not\u00edcia en El Pais Semanal - Piscinas Menorca","description":"Piscinas Menorca junto con Menorca Villas ha aparecido en El Pais semanal mostrando su nueva construcci\u00f3n, una casa que envuelve luz e innovaci\u00f3n.","robots":{"index":"noindex","follow":"follow"},"og_locale":"en_US","og_type":"article","og_title":"Somos not\u00edcia en El Pais Semanal - Piscinas Menorca","og_description":"Piscinas Menorca junto con Menorca Villas ha aparecido en El Pais semanal mostrando su nueva construcci\u00f3n, una casa que envuelve luz e innovaci\u00f3n.","og_url":"https:\/\/www.piscinasmenorca.net\/en\/we-are-news-in-el-pais\/","og_site_name":"Piscinas menorca","article_published_time":"2017-07-04T08:11:09+00:00","article_modified_time":"2018-03-20T17:49:08+00:00","og_image":[{"width":200,"height":200,"url":"https:\/\/www.piscinasmenorca.net\/wp-content\/uploads\/2017\/07\/promo_og_elpais_semanal.png","type":"image\/png"}],"author":"admin","twitter_card":"summary_large_image","twitter_misc":{"Written by":"admin","Est. reading time":"1 minute"},"schema":{"@context":"https:\/\/schema.org","@graph":[{"@type":"Article","@id":"https:\/\/www.piscinasmenorca.net\/en\/we-are-news-in-el-pais\/#article","isPartOf":{"@id":"https:\/\/www.piscinasmenorca.net\/en\/we-are-news-in-el-pais\/"},"author":{"name":"admin","@id":"https:\/\/www.piscinasmenorca.net\/#\/schema\/person\/1b34fbf8c41b38cf902b3f6915bb259b"},"headline":"We are news in the weekly newspaper &#8220;El Pais&#8221;","datePublished":"2017-07-04T08:11:09+00:00","dateModified":"2018-03-20T17:49:08+00:00","mainEntityOfPage":{"@id":"https:\/\/www.piscinasmenorca.net\/en\/we-are-news-in-el-pais\/"},"wordCount":150,"publisher":{"@id":"https:\/\/www.piscinasmenorca.net\/#organization"},"image":{"@id":"https:\/\/www.piscinasmenorca.net\/en\/we-are-news-in-el-pais\/#primaryimage"},"thumbnailUrl":"https:\/\/www.piscinasmenorca.net\/wp-content\/uploads\/2017\/07\/promo_og_elpais_semanal.png","articleSection":["Revistas"],"inLanguage":"en-US"},{"@type":"WebPage","@id":"https:\/\/www.piscinasmenorca.net\/en\/we-are-news-in-el-pais\/","url":"https:\/\/www.piscinasmenorca.net\/en\/we-are-news-in-el-pais\/","name":"Somos not\u00edcia en El Pais Semanal - Piscinas Menorca","isPartOf":{"@id":"https:\/\/www.piscinasmenorca.net\/#website"},"primaryImageOfPage":{"@id":"https:\/\/www.piscinasmenorca.net\/en\/we-are-news-in-el-pais\/#primaryimage"},"image":{"@id":"https:\/\/www.piscinasmenorca.net\/en\/we-are-news-in-el-pais\/#primaryimage"},"thumbnailUrl":"https:\/\/www.piscinasmenorca.net\/wp-content\/uploads\/2017\/07\/promo_og_elpais_semanal.png","datePublished":"2017-07-04T08:11:09+00:00","dateModified":"2018-03-20T17:49:08+00:00","description":"Piscinas Menorca junto con Menorca Villas ha aparecido en El Pais semanal mostrando su nueva construcci\u00f3n, una casa que envuelve luz e innovaci\u00f3n.","breadcrumb":{"@id":"https:\/\/www.piscinasmenorca.net\/en\/we-are-news-in-el-pais\/#breadcrumb"},"inLanguage":"en-US","potentialAction":[{"@type":"ReadAction","target":["https:\/\/www.piscinasmenorca.net\/en\/we-are-news-in-el-pais\/"]}]},{"@type":"ImageObject","inLanguage":"en-US","@id":"https:\/\/www.piscinasmenorca.net\/en\/we-are-news-in-el-pais\/#primaryimage","url":"https:\/\/www.piscinasmenorca.net\/wp-content\/uploads\/2017\/07\/promo_og_elpais_semanal.png","contentUrl":"https:\/\/www.piscinasmenorca.net\/wp-content\/uploads\/2017\/07\/promo_og_elpais_semanal.png","width":200,"height":200},{"@type":"BreadcrumbList","@id":"https:\/\/www.piscinasmenorca.net\/en\/we-are-news-in-el-pais\/#breadcrumb","itemListElement":[{"@type":"ListItem","position":1,"name":"Home","item":"https:\/\/www.piscinasmenorca.net\/en\/"},{"@type":"ListItem","position":2,"name":"We are news in the weekly newspaper &#8220;El Pais&#8221;"}]},{"@type":"WebSite","@id":"https:\/\/www.piscinasmenorca.net\/#website","url":"https:\/\/www.piscinasmenorca.net\/","name":"Piscinas menorca","description":"Desde 1975 la casa de picinas de ocnfianza","publisher":{"@id":"https:\/\/www.piscinasmenorca.net\/#organization"},"potentialAction":[{"@type":"SearchAction","target":{"@type":"EntryPoint","urlTemplate":"https:\/\/www.piscinasmenorca.net\/?s={search_term_string}"},"query-input":{"@type":"PropertyValueSpecification","valueRequired":true,"valueName":"search_term_string"}}],"inLanguage":"en-US"},{"@type":"Organization","@id":"https:\/\/www.piscinasmenorca.net\/#organization","name":"Piscinas Menorca","url":"https:\/\/www.piscinasmenorca.net\/","logo":{"@type":"ImageObject","inLanguage":"en-US","@id":"https:\/\/www.piscinasmenorca.net\/#\/schema\/logo\/image\/","url":"https:\/\/www.piscinasmenorca.net\/wp-content\/uploads\/2017\/05\/header-logo-1-1.png","contentUrl":"https:\/\/www.piscinasmenorca.net\/wp-content\/uploads\/2017\/05\/header-logo-1-1.png","width":295,"height":98,"caption":"Piscinas Menorca"},"image":{"@id":"https:\/\/www.piscinasmenorca.net\/#\/schema\/logo\/image\/"}},{"@type":"Person","@id":"https:\/\/www.piscinasmenorca.net\/#\/schema\/person\/1b34fbf8c41b38cf902b3f6915bb259b","name":"admin","image":{"@type":"ImageObject","inLanguage":"en-US","@id":"https:\/\/www.piscinasmenorca.net\/#\/schema\/person\/image\/","url":"https:\/\/secure.gravatar.com\/avatar\/b582539f242ae45f26b52d1f83fb5aee?s=96&d=mm&r=g","contentUrl":"https:\/\/secure.gravatar.com\/avatar\/b582539f242ae45f26b52d1f83fb5aee?s=96&d=mm&r=g","caption":"admin"}}]}},"_links":{"self":[{"href":"https:\/\/www.piscinasmenorca.net\/en\/wp-json\/wp\/v2\/posts\/1019"}],"collection":[{"href":"https:\/\/www.piscinasmenorca.net\/en\/wp-json\/wp\/v2\/posts"}],"about":[{"href":"https:\/\/www.piscinasmenorca.net\/en\/wp-json\/wp\/v2\/types\/post"}],"author":[{"embeddable":true,"href":"https:\/\/www.piscinasmenorca.net\/en\/wp-json\/wp\/v2\/users\/1"}],"replies":[{"embeddable":true,"href":"https:\/\/www.piscinasmenorca.net\/en\/wp-json\/wp\/v2\/comments?post=1019"}],"version-history":[{"count":0,"href":"https:\/\/www.piscinasmenorca.net\/en\/wp-json\/wp\/v2\/posts\/1019\/revisions"}],"wp:featuredmedia":[{"embeddable":true,"href":"https:\/\/www.piscinasmenorca.net\/en\/wp-json\/wp\/v2\/media\/790"}],"wp:attachment":[{"href":"https:\/\/www.piscinasmenorca.net\/en\/wp-json\/wp\/v2\/media?parent=1019"}],"wp:term":[{"taxonomy":"category","embeddable":true,"href":"https:\/\/www.piscinasmenorca.net\/en\/wp-json\/wp\/v2\/categories?post=1019"},{"taxonomy":"post_tag","embeddable":true,"href":"https:\/\/www.piscinasmenorca.net\/en\/wp-json\/wp\/v2\/tags?post=1019"}],"curies":[{"name":"wp","href":"https:\/\/api.w.org\/{rel}","templated":true}]}}